{"id":4885,"date":"2019-03-16T12:13:19","date_gmt":"2019-03-16T17:13:19","guid":{"rendered":"http:\/\/192.168.231.90\/bandesarrollo\/?p=4885"},"modified":"2019-03-16T12:13:19","modified_gmt":"2019-03-16T17:13:19","slug":"presencia-internacional","status":"publish","type":"post","link":"https:\/\/www.bancodesarrollo.fin.ec\/index.php\/2019\/03\/16\/presencia-internacional\/","title":{"rendered":"Presencia Internacional"},"content":{"rendered":"<p>[et_pb_section fb_built=\u00bb1&#8243; _builder_version=\u00bb3.21&#8243;][et_pb_row _builder_version=\u00bb3.21&#8243;][et_pb_column type=\u00bb4_4&#8243; _builder_version=\u00bb3.21&#8243;][et_pb_text _builder_version=\u00bb3.21&#8243; text_font=\u00bbPoppins||||||||\u00bb text_text_color=\u00bb#606060&#8243; text_font_size=\u00bb18px\u00bb]<\/p>\n<p>El Eco. Geovanny Cardoso, Gerente General de banCODESARROLLO particip\u00f3 como expositor en la \u201cJornada de Econom\u00eda Social para el bienestar\u201d llevada a cabo por el Instituto Nacional de la Econom\u00eda Social realizado en M\u00e9xico el martes 15 de enero.<\/p>\n<p>\u00a0Geovanny particip\u00f3 en la mesa 2 \u201cGesti\u00f3n de la Pol\u00edtica P\u00fablica\u201d.<\/p>\n<p>\u00a0\u201cLa sociedad organiza las fuerzas de la producci\u00f3n y se organiza el sitema determinado por sus necesidades de consumo. Estamos marcados por la Econom\u00eda Social y del mercado\u201d.<\/p>\n<p>&nbsp;<\/p>\n<h2 style=\"margin-right: 5.45pt;\"><o:p><\/o:p><\/h2>\n<p>[\/et_pb_text][\/et_pb_column][\/et_pb_row][\/et_pb_section]<\/p>\n","protected":false},"excerpt":{"rendered":"<p>[et_pb_section fb_built=\u00bb1&#8243; _builder_version=\u00bb3.21&#8243;][et_pb_row _builder_version=\u00bb3.21&#8243;][et_pb_column type=\u00bb4_4&#8243; _builder_version=\u00bb3.21&#8243;][et_pb_text _builder_version=\u00bb3.21&#8243; text_font=\u00bbPoppins||||||||\u00bb text_text_color=\u00bb#606060&#8243; text_font_size=\u00bb18px\u00bb] El Eco. Geovanny Cardoso, Gerente General de banCODESARROLLO particip\u00f3 como expositor en la \u201cJornada de Econom\u00eda Social para el bienestar\u201d llevada a cabo por el Instituto Nacional de la Econom\u00eda Social realizado en M\u00e9xico el martes 15 de enero. \u00a0Geovanny particip\u00f3 en la mesa 2 [&hellip;]<\/p>\n","protected":false},"author":1,"featured_media":4872,"comment_status":"open","ping_status":"open","sticky":false,"template":"","format":"standard","meta":{"_et_pb_use_builder":"on","_et_pb_old_content":"","_joinchat":[],"footnotes":""},"categories":[14],"tags":[],"class_list":["post-4885","post","type-post","status-publish","format-standard","has-post-thumbnail","hentry","category-enero"],"yoast_head":"<!-- This site is optimized with the Yoast SEO plugin v26.6 - https:\/\/yoast.com\/wordpress\/plugins\/seo\/ -->\n<title>Presencia Internacional - Banco Desarrollo de los Pueblos<\/title>\n<meta name=\"robots\" content=\"index, follow, max-snippet:-1, max-image-preview:large, max-video-preview:-1\" \/>\n<link rel=\"canonical\" href=\"https:\/\/www.bancodesarrollo.fin.ec\/index.php\/2019\/03\/16\/presencia-internacional\/\" \/>\n<meta property=\"og:locale\" content=\"es_ES\" \/>\n<meta property=\"og:type\" content=\"article\" \/>\n<meta property=\"og:title\" content=\"Presencia Internacional - Banco Desarrollo de los Pueblos\" \/>\n<meta property=\"og:description\" content=\"[et_pb_section fb_built=\u00bb1&#8243; _builder_version=\u00bb3.21&#8243;][et_pb_row _builder_version=\u00bb3.21&#8243;][et_pb_column type=\u00bb4_4&#8243; _builder_version=\u00bb3.21&#8243;][et_pb_text _builder_version=\u00bb3.21&#8243; text_font=\u00bbPoppins||||||||\u00bb text_text_color=\u00bb#606060&#8243; text_font_size=\u00bb18px\u00bb] El Eco. Geovanny Cardoso, Gerente General de banCODESARROLLO particip\u00f3 como expositor en la \u201cJornada de Econom\u00eda Social para el bienestar\u201d llevada a cabo por el Instituto Nacional de la Econom\u00eda Social realizado en M\u00e9xico el martes 15 de enero. \u00a0Geovanny particip\u00f3 en la mesa 2 [&hellip;]\" \/>\n<meta property=\"og:url\" content=\"https:\/\/www.bancodesarrollo.fin.ec\/index.php\/2019\/03\/16\/presencia-internacional\/\" \/>\n<meta property=\"og:site_name\" content=\"Banco Desarrollo de los Pueblos\" \/>\n<meta property=\"article:published_time\" content=\"2019-03-16T17:13:19+00:00\" \/>\n<meta property=\"og:image\" content=\"https:\/\/www.bancodesarrollo.fin.ec\/wp-content\/uploads\/2019\/03\/Presencia-internacional-2.jpg\" \/>\n\t<meta property=\"og:image:width\" content=\"378\" \/>\n\t<meta property=\"og:image:height\" content=\"322\" \/>\n\t<meta property=\"og:image:type\" content=\"image\/jpeg\" \/>\n<meta name=\"author\" content=\"bancode_adm\" \/>\n<meta name=\"twitter:card\" content=\"summary_large_image\" \/>\n<meta name=\"twitter:label1\" content=\"Escrito por\" \/>\n\t<meta name=\"twitter:data1\" content=\"bancode_adm\" \/>\n\t<meta name=\"twitter:label2\" content=\"Tiempo de lectura\" \/>\n\t<meta name=\"twitter:data2\" content=\"1 minuto\" \/>\n<script type=\"application\/ld+json\" class=\"yoast-schema-graph\">{\"@context\":\"https:\/\/schema.org\",\"@graph\":[{\"@type\":\"WebPage\",\"@id\":\"https:\/\/www.bancodesarrollo.fin.ec\/index.php\/2019\/03\/16\/presencia-internacional\/\",\"url\":\"https:\/\/www.bancodesarrollo.fin.ec\/index.php\/2019\/03\/16\/presencia-internacional\/\",\"name\":\"Presencia Internacional - Banco Desarrollo de los Pueblos\",\"isPartOf\":{\"@id\":\"https:\/\/www.bancodesarrollo.fin.ec\/#website\"},\"primaryImageOfPage\":{\"@id\":\"https:\/\/www.bancodesarrollo.fin.ec\/index.php\/2019\/03\/16\/presencia-internacional\/#primaryimage\"},\"image\":{\"@id\":\"https:\/\/www.bancodesarrollo.fin.ec\/index.php\/2019\/03\/16\/presencia-internacional\/#primaryimage\"},\"thumbnailUrl\":\"https:\/\/www.bancodesarrollo.fin.ec\/wp-content\/uploads\/2019\/03\/Presencia-internacional-2.jpg\",\"datePublished\":\"2019-03-16T17:13:19+00:00\",\"author\":{\"@id\":\"https:\/\/www.bancodesarrollo.fin.ec\/#\/schema\/person\/9eb68849cba58b24e7b66487721cd22e\"},\"breadcrumb\":{\"@id\":\"https:\/\/www.bancodesarrollo.fin.ec\/index.php\/2019\/03\/16\/presencia-internacional\/#breadcrumb\"},\"inLanguage\":\"es\",\"potentialAction\":[{\"@type\":\"ReadAction\",\"target\":[\"https:\/\/www.bancodesarrollo.fin.ec\/index.php\/2019\/03\/16\/presencia-internacional\/\"]}]},{\"@type\":\"ImageObject\",\"inLanguage\":\"es\",\"@id\":\"https:\/\/www.bancodesarrollo.fin.ec\/index.php\/2019\/03\/16\/presencia-internacional\/#primaryimage\",\"url\":\"https:\/\/www.bancodesarrollo.fin.ec\/wp-content\/uploads\/2019\/03\/Presencia-internacional-2.jpg\",\"contentUrl\":\"https:\/\/www.bancodesarrollo.fin.ec\/wp-content\/uploads\/2019\/03\/Presencia-internacional-2.jpg\",\"width\":378,\"height\":322},{\"@type\":\"BreadcrumbList\",\"@id\":\"https:\/\/www.bancodesarrollo.fin.ec\/index.php\/2019\/03\/16\/presencia-internacional\/#breadcrumb\",\"itemListElement\":[{\"@type\":\"ListItem\",\"position\":1,\"name\":\"Portada\",\"item\":\"https:\/\/www.bancodesarrollo.fin.ec\/\"},{\"@type\":\"ListItem\",\"position\":2,\"name\":\"Presencia Internacional\"}]},{\"@type\":\"WebSite\",\"@id\":\"https:\/\/www.bancodesarrollo.fin.ec\/#website\",\"url\":\"https:\/\/www.bancodesarrollo.fin.ec\/\",\"name\":\"Banco Desarrollo de los Pueblos\",\"description\":\"CODESA\",\"potentialAction\":[{\"@type\":\"SearchAction\",\"target\":{\"@type\":\"EntryPoint\",\"urlTemplate\":\"https:\/\/www.bancodesarrollo.fin.ec\/?s={search_term_string}\"},\"query-input\":{\"@type\":\"PropertyValueSpecification\",\"valueRequired\":true,\"valueName\":\"search_term_string\"}}],\"inLanguage\":\"es\"},{\"@type\":\"Person\",\"@id\":\"https:\/\/www.bancodesarrollo.fin.ec\/#\/schema\/person\/9eb68849cba58b24e7b66487721cd22e\",\"name\":\"bancode_adm\",\"image\":{\"@type\":\"ImageObject\",\"inLanguage\":\"es\",\"@id\":\"https:\/\/www.bancodesarrollo.fin.ec\/#\/schema\/person\/image\/\",\"url\":\"https:\/\/secure.gravatar.com\/avatar\/e6b38396af052aeeb9c9c5df3d3d5182543ed997ec121f6f2d7845e231fd8f81?s=96&d=mm&r=g\",\"contentUrl\":\"https:\/\/secure.gravatar.com\/avatar\/e6b38396af052aeeb9c9c5df3d3d5182543ed997ec121f6f2d7845e231fd8f81?s=96&d=mm&r=g\",\"caption\":\"bancode_adm\"},\"url\":\"https:\/\/www.bancodesarrollo.fin.ec\/index.php\/author\/bancode_adm\/\"}]}<\/script>\n<!-- \/ Yoast SEO plugin. -->","yoast_head_json":{"title":"Presencia Internacional - Banco Desarrollo de los Pueblos","robots":{"index":"index","follow":"follow","max-snippet":"max-snippet:-1","max-image-preview":"max-image-preview:large","max-video-preview":"max-video-preview:-1"},"canonical":"https:\/\/www.bancodesarrollo.fin.ec\/index.php\/2019\/03\/16\/presencia-internacional\/","og_locale":"es_ES","og_type":"article","og_title":"Presencia Internacional - Banco Desarrollo de los Pueblos","og_description":"[et_pb_section fb_built=\u00bb1&#8243; _builder_version=\u00bb3.21&#8243;][et_pb_row _builder_version=\u00bb3.21&#8243;][et_pb_column type=\u00bb4_4&#8243; _builder_version=\u00bb3.21&#8243;][et_pb_text _builder_version=\u00bb3.21&#8243; text_font=\u00bbPoppins||||||||\u00bb text_text_color=\u00bb#606060&#8243; text_font_size=\u00bb18px\u00bb] El Eco. Geovanny Cardoso, Gerente General de banCODESARROLLO particip\u00f3 como expositor en la \u201cJornada de Econom\u00eda Social para el bienestar\u201d llevada a cabo por el Instituto Nacional de la Econom\u00eda Social realizado en M\u00e9xico el martes 15 de enero. \u00a0Geovanny particip\u00f3 en la mesa 2 [&hellip;]","og_url":"https:\/\/www.bancodesarrollo.fin.ec\/index.php\/2019\/03\/16\/presencia-internacional\/","og_site_name":"Banco Desarrollo de los Pueblos","article_published_time":"2019-03-16T17:13:19+00:00","og_image":[{"width":378,"height":322,"url":"https:\/\/www.bancodesarrollo.fin.ec\/wp-content\/uploads\/2019\/03\/Presencia-internacional-2.jpg","type":"image\/jpeg"}],"author":"bancode_adm","twitter_card":"summary_large_image","twitter_misc":{"Escrito por":"bancode_adm","Tiempo de lectura":"1 minuto"},"schema":{"@context":"https:\/\/schema.org","@graph":[{"@type":"WebPage","@id":"https:\/\/www.bancodesarrollo.fin.ec\/index.php\/2019\/03\/16\/presencia-internacional\/","url":"https:\/\/www.bancodesarrollo.fin.ec\/index.php\/2019\/03\/16\/presencia-internacional\/","name":"Presencia Internacional - Banco Desarrollo de los Pueblos","isPartOf":{"@id":"https:\/\/www.bancodesarrollo.fin.ec\/#website"},"primaryImageOfPage":{"@id":"https:\/\/www.bancodesarrollo.fin.ec\/index.php\/2019\/03\/16\/presencia-internacional\/#primaryimage"},"image":{"@id":"https:\/\/www.bancodesarrollo.fin.ec\/index.php\/2019\/03\/16\/presencia-internacional\/#primaryimage"},"thumbnailUrl":"https:\/\/www.bancodesarrollo.fin.ec\/wp-content\/uploads\/2019\/03\/Presencia-internacional-2.jpg","datePublished":"2019-03-16T17:13:19+00:00","author":{"@id":"https:\/\/www.bancodesarrollo.fin.ec\/#\/schema\/person\/9eb68849cba58b24e7b66487721cd22e"},"breadcrumb":{"@id":"https:\/\/www.bancodesarrollo.fin.ec\/index.php\/2019\/03\/16\/presencia-internacional\/#breadcrumb"},"inLanguage":"es","potentialAction":[{"@type":"ReadAction","target":["https:\/\/www.bancodesarrollo.fin.ec\/index.php\/2019\/03\/16\/presencia-internacional\/"]}]},{"@type":"ImageObject","inLanguage":"es","@id":"https:\/\/www.bancodesarrollo.fin.ec\/index.php\/2019\/03\/16\/presencia-internacional\/#primaryimage","url":"https:\/\/www.bancodesarrollo.fin.ec\/wp-content\/uploads\/2019\/03\/Presencia-internacional-2.jpg","contentUrl":"https:\/\/www.bancodesarrollo.fin.ec\/wp-content\/uploads\/2019\/03\/Presencia-internacional-2.jpg","width":378,"height":322},{"@type":"BreadcrumbList","@id":"https:\/\/www.bancodesarrollo.fin.ec\/index.php\/2019\/03\/16\/presencia-internacional\/#breadcrumb","itemListElement":[{"@type":"ListItem","position":1,"name":"Portada","item":"https:\/\/www.bancodesarrollo.fin.ec\/"},{"@type":"ListItem","position":2,"name":"Presencia Internacional"}]},{"@type":"WebSite","@id":"https:\/\/www.bancodesarrollo.fin.ec\/#website","url":"https:\/\/www.bancodesarrollo.fin.ec\/","name":"Banco Desarrollo de los Pueblos","description":"CODESA","potentialAction":[{"@type":"SearchAction","target":{"@type":"EntryPoint","urlTemplate":"https:\/\/www.bancodesarrollo.fin.ec\/?s={search_term_string}"},"query-input":{"@type":"PropertyValueSpecification","valueRequired":true,"valueName":"search_term_string"}}],"inLanguage":"es"},{"@type":"Person","@id":"https:\/\/www.bancodesarrollo.fin.ec\/#\/schema\/person\/9eb68849cba58b24e7b66487721cd22e","name":"bancode_adm","image":{"@type":"ImageObject","inLanguage":"es","@id":"https:\/\/www.bancodesarrollo.fin.ec\/#\/schema\/person\/image\/","url":"https:\/\/secure.gravatar.com\/avatar\/e6b38396af052aeeb9c9c5df3d3d5182543ed997ec121f6f2d7845e231fd8f81?s=96&d=mm&r=g","contentUrl":"https:\/\/secure.gravatar.com\/avatar\/e6b38396af052aeeb9c9c5df3d3d5182543ed997ec121f6f2d7845e231fd8f81?s=96&d=mm&r=g","caption":"bancode_adm"},"url":"https:\/\/www.bancodesarrollo.fin.ec\/index.php\/author\/bancode_adm\/"}]}},"_links":{"self":[{"href":"https:\/\/www.bancodesarrollo.fin.ec\/index.php\/wp-json\/wp\/v2\/posts\/4885","targetHints":{"allow":["GET"]}}],"collection":[{"href":"https:\/\/www.bancodesarrollo.fin.ec\/index.php\/wp-json\/wp\/v2\/posts"}],"about":[{"href":"https:\/\/www.bancodesarrollo.fin.ec\/index.php\/wp-json\/wp\/v2\/types\/post"}],"author":[{"embeddable":true,"href":"https:\/\/www.bancodesarrollo.fin.ec\/index.php\/wp-json\/wp\/v2\/users\/1"}],"replies":[{"embeddable":true,"href":"https:\/\/www.bancodesarrollo.fin.ec\/index.php\/wp-json\/wp\/v2\/comments?post=4885"}],"version-history":[{"count":2,"href":"https:\/\/www.bancodesarrollo.fin.ec\/index.php\/wp-json\/wp\/v2\/posts\/4885\/revisions"}],"predecessor-version":[{"id":4888,"href":"https:\/\/www.bancodesarrollo.fin.ec\/index.php\/wp-json\/wp\/v2\/posts\/4885\/revisions\/4888"}],"wp:featuredmedia":[{"embeddable":true,"href":"https:\/\/www.bancodesarrollo.fin.ec\/index.php\/wp-json\/wp\/v2\/media\/4872"}],"wp:attachment":[{"href":"https:\/\/www.bancodesarrollo.fin.ec\/index.php\/wp-json\/wp\/v2\/media?parent=4885"}],"wp:term":[{"taxonomy":"category","embeddable":true,"href":"https:\/\/www.bancodesarrollo.fin.ec\/index.php\/wp-json\/wp\/v2\/categories?post=4885"},{"taxonomy":"post_tag","embeddable":true,"href":"https:\/\/www.bancodesarrollo.fin.ec\/index.php\/wp-json\/wp\/v2\/tags?post=4885"}],"curies":[{"name":"wp","href":"https:\/\/api.w.org\/{rel}","templated":true}]}}